{"id":5112,"date":"2014-04-25T18:18:36","date_gmt":"2014-04-25T22:18:36","guid":{"rendered":"https:\/\/tcobcur.com\/ver4\/?p=5112"},"modified":"2014-04-25T18:19:24","modified_gmt":"2014-04-25T22:19:24","slug":"ladies-present-at-internation-dragfest-2014","status":"publish","type":"post","link":"https:\/\/tcobcur.com\/ver5\/ladies-present-at-internation-dragfest-2014\/","title":{"rendered":"Ladies present at Internation DragFest 2014"},"content":{"rendered":"<p><a href=\"https:\/\/i0.wp.com\/tcobcur.com\/ver4\/wp-content\/uploads\/2014\/04\/Foto-di-e-dama-nan-ku-ta-presente-den-Int-1.jpg?ssl=1\"><img data-recalc-dims=\"1\" loading=\"lazy\" decoding=\"async\" class=\"aligncenter size-medium wp-image-5113\" alt=\"Foto-di-e-dama-nan-ku-ta-presente-den-Int-1\" src=\"https:\/\/i0.wp.com\/tcobcur.com\/ver4\/wp-content\/uploads\/2014\/04\/Foto-di-e-dama-nan-ku-ta-presente-den-Int-1-300x201.jpg?resize=300%2C201&#038;ssl=1\" width=\"300\" height=\"201\" \/><\/a> <a href=\"https:\/\/i0.wp.com\/tcobcur.com\/ver4\/wp-content\/uploads\/2014\/04\/Foto-di-e-dama-nan-ku-ta-presente-den-Int-2.jpg?ssl=1\"><img data-recalc-dims=\"1\" loading=\"lazy\" decoding=\"async\" class=\"aligncenter size-medium wp-image-5114\" alt=\"Foto-di-e-dama-nan-ku-ta-presente-den-Int-2\" src=\"https:\/\/i0.wp.com\/tcobcur.com\/ver4\/wp-content\/uploads\/2014\/04\/Foto-di-e-dama-nan-ku-ta-presente-den-Int-2-300x201.jpg?resize=300%2C201&#038;ssl=1\" width=\"300\" height=\"201\" \/><\/a><\/p>\n<p><span style=\"font-family: Arial, serif;\"><span><b>Viennelyn \u201cVienny\u201d Kwidama di K\u00f2rsou ta e dama den doorslammers mas r\u00e1pido di Antia ku su 8.53 sek\u00f2nde. E lo tei na Int. Drag Fest 2014.<\/b><\/span><\/span><\/p>\n<p><a href=\"https:\/\/i0.wp.com\/tcobcur.com\/ver4\/wp-content\/uploads\/2014\/04\/Foto-di-e-dama-nan-ku-ta-presente-den-Int-3.jpg?ssl=1\"><img data-recalc-dims=\"1\" loading=\"lazy\" decoding=\"async\" class=\"aligncenter size-medium wp-image-5115\" alt=\"Foto-di-e-dama-nan-ku-ta-presente-den-Int-3\" src=\"https:\/\/i0.wp.com\/tcobcur.com\/ver4\/wp-content\/uploads\/2014\/04\/Foto-di-e-dama-nan-ku-ta-presente-den-Int-3-300x201.jpg?resize=300%2C201&#038;ssl=1\" width=\"300\" height=\"201\" \/><\/a> <a href=\"https:\/\/i0.wp.com\/tcobcur.com\/ver4\/wp-content\/uploads\/2014\/04\/Foto-di-e-dama-nan-ku-ta-presente-den-Int-4.jpg?ssl=1\"><img data-recalc-dims=\"1\" loading=\"lazy\" decoding=\"async\" class=\"aligncenter size-medium wp-image-5116\" alt=\"Foto-di-e-dama-nan-ku-ta-presente-den-Int-4\" src=\"https:\/\/i0.wp.com\/tcobcur.com\/ver4\/wp-content\/uploads\/2014\/04\/Foto-di-e-dama-nan-ku-ta-presente-den-Int-4-300x201.jpg?resize=300%2C201&#038;ssl=1\" width=\"300\" height=\"201\" \/><\/a><\/p>\n<p><span style=\"font-family: Arial, serif;\"><span><b>E yu di K\u00f2rsou Bergenie \u201cBerg\u201d Naar e dama mas r\u00e1pido riba 2 wheel den Caribe I Latino Am\u00e9rika ku su 7.30 sek\u00f2nde riba 212 mph ta den Int. Drag Fest 2014.<\/b><\/span><\/span><\/p>\n<p><a href=\"https:\/\/i0.wp.com\/tcobcur.com\/ver4\/wp-content\/uploads\/2014\/04\/Foto-di-e-dama-nan-ku-ta-presente-den-Int-5.jpg?ssl=1\"><img data-recalc-dims=\"1\" loading=\"lazy\" decoding=\"async\" class=\"aligncenter size-medium wp-image-5117\" alt=\"Foto-di-e-dama-nan-ku-ta-presente-den-Int-5\" src=\"https:\/\/i0.wp.com\/tcobcur.com\/ver4\/wp-content\/uploads\/2014\/04\/Foto-di-e-dama-nan-ku-ta-presente-den-Int-5-300x201.jpg?resize=300%2C201&#038;ssl=1\" width=\"300\" height=\"201\" \/><\/a> <a href=\"https:\/\/i0.wp.com\/tcobcur.com\/ver4\/wp-content\/uploads\/2014\/04\/Foto-di-e-dama-nan-ku-ta-presente-den-Int-6.jpg?ssl=1\"><img data-recalc-dims=\"1\" loading=\"lazy\" decoding=\"async\" class=\"aligncenter size-medium wp-image-5118\" alt=\"Foto-di-e-dama-nan-ku-ta-presente-den-Int-6\" src=\"https:\/\/i0.wp.com\/tcobcur.com\/ver4\/wp-content\/uploads\/2014\/04\/Foto-di-e-dama-nan-ku-ta-presente-den-Int-6-300x201.jpg?resize=300%2C201&#038;ssl=1\" width=\"300\" height=\"201\" \/><\/a><\/p>\n<p><span style=\"font-family: Arial, serif;\"><span><b>Sheritsz Jansen di Aruba tambe ta un di e dama nan ku ta presente den Int. Drag Fest 2014.<\/b><\/span><\/span><\/p>\n<p><a href=\"https:\/\/i0.wp.com\/tcobcur.com\/ver4\/wp-content\/uploads\/2014\/04\/Foto-di-e-dama-nan-ku-ta-presente-den-Int-7.jpg?ssl=1\"><img data-recalc-dims=\"1\" loading=\"lazy\" decoding=\"async\" class=\"aligncenter size-medium wp-image-5119\" alt=\"Foto-di-e-dama-nan-ku-ta-presente-den-Int-7\" src=\"https:\/\/i0.wp.com\/tcobcur.com\/ver4\/wp-content\/uploads\/2014\/04\/Foto-di-e-dama-nan-ku-ta-presente-den-Int-7-300x200.jpg?resize=300%2C200&#038;ssl=1\" width=\"300\" height=\"200\" \/><\/a> <a href=\"https:\/\/i0.wp.com\/tcobcur.com\/ver4\/wp-content\/uploads\/2014\/04\/Foto-di-e-dama-nan-ku-ta-presente-den-Int-8.jpg?ssl=1\"><img data-recalc-dims=\"1\" loading=\"lazy\" decoding=\"async\" class=\"aligncenter size-medium wp-image-5120\" alt=\"Foto-di-e-dama-nan-ku-ta-presente-den-Int-8\" src=\"https:\/\/i0.wp.com\/tcobcur.com\/ver4\/wp-content\/uploads\/2014\/04\/Foto-di-e-dama-nan-ku-ta-presente-den-Int-8-300x201.jpg?resize=300%2C201&#038;ssl=1\" width=\"300\" height=\"201\" \/><\/a><\/p>\n<p><span style=\"font-family: Arial, serif;\"><span><b>Otro damita ku lo tei na Int. Drag Fest 2014 ta Roselyn Rosel ku lo kore su Altered.<\/b><\/span><\/span><\/p>\n<p><a href=\"https:\/\/i0.wp.com\/tcobcur.com\/ver4\/wp-content\/uploads\/2014\/04\/Foto-di-e-dama-nan-ku-ta-presente-den-Int-9.jpg?ssl=1\"><br \/>\n<img data-recalc-dims=\"1\" loading=\"lazy\" decoding=\"async\" class=\"aligncenter size-medium wp-image-5121\" alt=\"Foto-di-e-dama-nan-ku-ta-presente-den-Int-9\" src=\"https:\/\/i0.wp.com\/tcobcur.com\/ver4\/wp-content\/uploads\/2014\/04\/Foto-di-e-dama-nan-ku-ta-presente-den-Int-9-300x199.jpg?resize=300%2C199&#038;ssl=1\" width=\"300\" height=\"199\" \/><\/a> <a href=\"https:\/\/i0.wp.com\/tcobcur.com\/ver4\/wp-content\/uploads\/2014\/04\/Foto-di-e-dama-nan-ku-ta-presente-den-Int-10.jpg?ssl=1\"><img data-recalc-dims=\"1\" loading=\"lazy\" decoding=\"async\" class=\"aligncenter size-medium wp-image-5122\" alt=\"Foto-di-e-dama-nan-ku-ta-presente-den-Int-10\" src=\"https:\/\/i0.wp.com\/tcobcur.com\/ver4\/wp-content\/uploads\/2014\/04\/Foto-di-e-dama-nan-ku-ta-presente-den-Int-10-300x199.jpg?resize=300%2C199&#038;ssl=1\" width=\"300\" height=\"199\" \/><\/a><\/p>\n<p><span style=\"font-family: Arial, serif;\"><span><b>Jane Freitas Franca di \u201cBalachi Raching\u201d tambe lo represent\u00e1 e sekso femenino den Int. Drag Fest 2014.<\/b><\/span><\/span><\/p>\n<p><a href=\"https:\/\/i0.wp.com\/tcobcur.com\/ver4\/wp-content\/uploads\/2014\/04\/Foto-di-e-dama-nan-ku-ta-presente-den-Int-11.jpg?ssl=1\"><img data-recalc-dims=\"1\" loading=\"lazy\" decoding=\"async\" class=\"aligncenter size-medium wp-image-5123\" alt=\"Foto-di-e-dama-nan-ku-ta-presente-den-Int-11\" src=\"https:\/\/i0.wp.com\/tcobcur.com\/ver4\/wp-content\/uploads\/2014\/04\/Foto-di-e-dama-nan-ku-ta-presente-den-Int-11-300x168.jpg?resize=300%2C168&#038;ssl=1\" width=\"300\" height=\"168\" \/><\/a> <a href=\"https:\/\/i0.wp.com\/tcobcur.com\/ver4\/wp-content\/uploads\/2014\/04\/Foto-di-e-dama-nan-ku-ta-presente-den-Int-12.jpg?ssl=1\"><img data-recalc-dims=\"1\" loading=\"lazy\" decoding=\"async\" class=\"aligncenter size-medium wp-image-5124\" alt=\"Foto-di-e-dama-nan-ku-ta-presente-den-Int-12\" src=\"https:\/\/i0.wp.com\/tcobcur.com\/ver4\/wp-content\/uploads\/2014\/04\/Foto-di-e-dama-nan-ku-ta-presente-den-Int-12-300x168.jpg?resize=300%2C168&#038;ssl=1\" width=\"300\" height=\"168\" \/><\/a><\/p>\n<p><span style=\"font-family: Arial, serif;\"><span><b>E k\u00f2nteiner nan ya ta riba e fasilidat nan di Cura\u00e7ao International Raceway pa asina drenta e siman di e Festival di Velosidat ku ta Int. Drag Fest 2014.<\/b><\/span><\/span><\/p>\n","protected":false},"excerpt":{"rendered":"<p>Viennelyn \u201cVienny\u201d Kwidama di K\u00f2rsou ta e dama den doorslammers mas r\u00e1pido di Antia ku su 8.53 sek\u00f2nde. E lo tei na Int. Drag Fest 2014. E yu di K\u00f2rsou Bergenie \u201cBerg\u201d Naar e dama mas r\u00e1pido riba 2 wheel den Caribe I Latino Am\u00e9rika ku su 7.30 sek\u00f2nde riba 212 mph ta den Int. Drag Fest 2014. Sheritsz Jansen [&hellip;]<\/p>\n","protected":false},"author":4,"featured_media":0,"comment_status":"closed","ping_status":"closed","sticky":false,"template":"","format":"standard","meta":{"_jetpack_memberships_contains_paid_content":false,"footnotes":""},"categories":[],"tags":[],"class_list":["post-5112","post","type-post","status-publish","format-standard","hentry"],"jetpack_featured_media_url":"","jetpack_sharing_enabled":true,"_links":{"self":[{"href":"https:\/\/tcobcur.com\/ver5\/wp-json\/wp\/v2\/posts\/5112","targetHints":{"allow":["GET"]}}],"collection":[{"href":"https:\/\/tcobcur.com\/ver5\/wp-json\/wp\/v2\/posts"}],"about":[{"href":"https:\/\/tcobcur.com\/ver5\/wp-json\/wp\/v2\/types\/post"}],"author":[{"embeddable":true,"href":"https:\/\/tcobcur.com\/ver5\/wp-json\/wp\/v2\/users\/4"}],"replies":[{"embeddable":true,"href":"https:\/\/tcobcur.com\/ver5\/wp-json\/wp\/v2\/comments?post=5112"}],"version-history":[{"count":2,"href":"https:\/\/tcobcur.com\/ver5\/wp-json\/wp\/v2\/posts\/5112\/revisions"}],"predecessor-version":[{"id":5126,"href":"https:\/\/tcobcur.com\/ver5\/wp-json\/wp\/v2\/posts\/5112\/revisions\/5126"}],"wp:attachment":[{"href":"https:\/\/tcobcur.com\/ver5\/wp-json\/wp\/v2\/media?parent=5112"}],"wp:term":[{"taxonomy":"category","embeddable":true,"href":"https:\/\/tcobcur.com\/ver5\/wp-json\/wp\/v2\/categories?post=5112"},{"taxonomy":"post_tag","embeddable":true,"href":"https:\/\/tcobcur.com\/ver5\/wp-json\/wp\/v2\/tags?post=5112"}],"curies":[{"name":"wp","href":"https:\/\/api.w.org\/{rel}","templated":true}]}}